{"id":3206,"date":"2025-07-07T16:13:09","date_gmt":"2025-07-07T14:13:09","guid":{"rendered":"https:\/\/laplume-ou-lavie.fr\/?p=3206"},"modified":"2025-07-07T16:13:10","modified_gmt":"2025-07-07T14:13:10","slug":"loeil-du-heron","status":"publish","type":"post","link":"https:\/\/laplume-ou-lavie.fr\/index.php\/2025\/07\/07\/loeil-du-heron\/","title":{"rendered":"L&rsquo;oeil du h\u00e9ron"},"content":{"rendered":"\n<figure class=\"wp-block-image size-large\"><img data-recalc-dims=\"1\" loading=\"lazy\" decoding=\"async\" width=\"768\" height=\"1024\" data-attachment-id=\"3207\" data-permalink=\"https:\/\/laplume-ou-lavie.fr\/index.php\/2025\/07\/07\/loeil-du-heron\/img_20250617_174843\/\" data-orig-file=\"https:\/\/i0.wp.com\/laplume-ou-lavie.fr\/wp-content\/uploads\/2025\/07\/IMG_20250617_174843-scaled.jpg?fit=1920%2C2560&amp;ssl=1\" data-orig-size=\"1920,2560\" data-comments-opened=\"1\" data-image-meta=\"{&quot;aperture&quot;:&quot;1.8&quot;,&quot;credit&quot;:&quot;&quot;,&quot;camera&quot;:&quot;FP3&quot;,&quot;caption&quot;:&quot;00000001&quot;,&quot;created_timestamp&quot;:&quot;1750182523&quot;,&quot;copyright&quot;:&quot;&quot;,&quot;focal_length&quot;:&quot;4.36&quot;,&quot;iso&quot;:&quot;416&quot;,&quot;shutter_speed&quot;:&quot;0.05&quot;,&quot;title&quot;:&quot;00000001&quot;,&quot;orientation&quot;:&quot;0&quot;}\" data-image-title=\"IMG_20250617_174843\" data-image-description=\"\" data-image-caption=\"&lt;p&gt;00000001&lt;\/p&gt;\n\" data-medium-file=\"https:\/\/i0.wp.com\/laplume-ou-lavie.fr\/wp-content\/uploads\/2025\/07\/IMG_20250617_174843-scaled.jpg?fit=225%2C300&amp;ssl=1\" data-large-file=\"https:\/\/i0.wp.com\/laplume-ou-lavie.fr\/wp-content\/uploads\/2025\/07\/IMG_20250617_174843-scaled.jpg?fit=768%2C1024&amp;ssl=1\" src=\"https:\/\/i0.wp.com\/laplume-ou-lavie.fr\/wp-content\/uploads\/2025\/07\/IMG_20250617_174843.jpg?resize=768%2C1024&#038;ssl=1\" alt=\"\" class=\"wp-image-3207\" srcset=\"https:\/\/i0.wp.com\/laplume-ou-lavie.fr\/wp-content\/uploads\/2025\/07\/IMG_20250617_174843-scaled.jpg?resize=768%2C1024&amp;ssl=1 768w, https:\/\/i0.wp.com\/laplume-ou-lavie.fr\/wp-content\/uploads\/2025\/07\/IMG_20250617_174843-scaled.jpg?resize=225%2C300&amp;ssl=1 225w, https:\/\/i0.wp.com\/laplume-ou-lavie.fr\/wp-content\/uploads\/2025\/07\/IMG_20250617_174843-scaled.jpg?resize=1152%2C1536&amp;ssl=1 1152w, https:\/\/i0.wp.com\/laplume-ou-lavie.fr\/wp-content\/uploads\/2025\/07\/IMG_20250617_174843-scaled.jpg?resize=1536%2C2048&amp;ssl=1 1536w, https:\/\/i0.wp.com\/laplume-ou-lavie.fr\/wp-content\/uploads\/2025\/07\/IMG_20250617_174843-scaled.jpg?resize=1200%2C1600&amp;ssl=1 1200w, https:\/\/i0.wp.com\/laplume-ou-lavie.fr\/wp-content\/uploads\/2025\/07\/IMG_20250617_174843-scaled.jpg?w=1920&amp;ssl=1 1920w, https:\/\/i0.wp.com\/laplume-ou-lavie.fr\/wp-content\/uploads\/2025\/07\/IMG_20250617_174843-scaled.jpg?w=1680&amp;ssl=1 1680w\" sizes=\"auto, (max-width: 709px) 85vw, (max-width: 909px) 67vw, (max-width: 984px) 61vw, (max-width: 1362px) 45vw, 600px\" \/><\/figure>\n\n\n\n<p>Cette \u00e9l\u00e9gante cr\u00e9ature grise, que, faute de mieux, les habitants de Victoria ont baptis\u00e9 h\u00e9ron, est le t\u00e9moin silencieux et \u00e9nigmatique des d\u00e9m\u00eal\u00e9s du Peuple de la Paix avec ses oppresseurs de la Cit\u00e9.<\/p>\n\n\n\n<p>Les deux communaut\u00e9s ont \u00e9t\u00e9 jadis d\u00e9port\u00e9es sur cette plan\u00e8te \u00e9loign\u00e9e de la Terre : l\u2019une \u00e0 cause de sa contagion pacifiste, et l\u2019autre sa soif de pouvoir et de violence. Les contestataires utopistes de la Zone r\u00e9ussiront-ils \u00e0 \u00e9chapper aux foudres r\u00e9pressives des orgueilleux citadins ? Le pacifisme et la non-violence telle que la pr\u00f4nait Gandhi sont-ils suffisants ?<\/p>\n\n\n\n<p>Un conflit entre deux mod\u00e8les sociaux, pas si manich\u00e9en qu\u2019il en a l\u2019air. \u00c0 travers ce magnifique roman, la grande Ursula Le Guin (1929-2018) se d\u00e9veloppe en fait le th\u00e8me de l\u2019\u00c9ternel Retour, d\u2019o\u00f9 la symbolique omnipr\u00e9sente de l\u2019anneau et du cercle, dont l\u2019\u0153il du h\u00e9ron constitue en quelque sorte le miroir muet.<\/p>\n\n\n\n<!--more-->\n\n\n\n<p class=\"has-text-align-center\">~<\/p>\n\n\n\n<h2 class=\"wp-block-heading\">#Comment ce livre m&rsquo;est-il tomb\u00e9 entre les mains ?<\/h2>\n\n\n\n<p>J&rsquo;ai eu l&rsquo;occasion de d\u00e9couvrir L&rsquo;Oeil du H\u00e9ron dans le cadre de mon partenariat avec les \u00e9ditions Actusf (encore merci pour votre confiance). Pour avoir lu plusieurs des textes de Le Guin et avoir d\u00e9couvert la 4e de couverture, j&rsquo;ai su que je ne pouvais pas me tromper. Et j&rsquo;ai eu raison.<\/p>\n\n\n\n<p>~<\/p>\n\n\n\n<h2 class=\"wp-block-heading\">#On prend les m\u00eames et on recommence<\/h2>\n\n\n\n<p>On d\u00e9couvre donc une nouvelle plan\u00e8te \u00e0 la g\u00e9ographie largement inconnue, que de courageux\u00b7ses explorateurices vont d\u00e9couvrir un peu plus largement, dans le but d&rsquo;\u00e9tablir une nouvelle colonie.<\/p>\n\n\n\n<p>L&rsquo;autrice nous propose un monde scind\u00e9 entre des capitalistes (appelons un chat un chat) et des personnes pacifistes envers et contre tout. Deux profils antith\u00e9tiques qui ne sont pas sans rappeler, de mani\u00e8re plus grossi\u00e8re bien entendu, ce que l&rsquo;on rencontre dans nos propres soci\u00e9t\u00e9s bien terriennes. Clairement, rien de nouveau sous le soleil concernant les rapports de domination d&rsquo;une caste sur d&rsquo;autres.<\/p>\n\n\n\n<p>Cependant, ce roman reste tristement d&rsquo;actualit\u00e9, m\u00eame plusieurs d\u00e9cennies apr\u00e8s sa publication en version originale dans les ann\u00e9es 1970. Le Guin a un oeil ac\u00e9r\u00e9 et d\u00e9taille parfaitement les incoh\u00e9rences des diff\u00e9rents courants de pens\u00e9es, en particulier chez les pacifistes, au sein m\u00eame du groupe. Ces d\u00e9bats sont vraiment int\u00e9ressants \u00e0 suivre et invitent \u00e0 remettre sans cesse nos propres points de vue sur le m\u00e9tier.<\/p>\n\n\n\n<p>En particulier, la th\u00e9matique des limites de l&rsquo;auto-organisation vis-\u00e0-vis d&rsquo;un syst\u00e8me d\u00e9j\u00e0 install\u00e9 m&rsquo;a fortement passionn\u00e9e. Comment en effet s&rsquo;affranchir dudit syst\u00e8me afin de gagner en autonomie, au moins en partie, sans effusion de sang ? Faut-il plut\u00f4t demander pardon ou la permission ? D\u00e9bat \u00e0 laquelle je n&rsquo;ai pas la r\u00e9ponse, mais qui a aliment\u00e9 ma r\u00e9flexion.<\/p>\n\n\n\n<p>Et surtout, une question demeure et a eu le don de me mettre en col\u00e8re, car elle fait terriblement \u00e9cho \u00e0 notre r\u00e9alit\u00e9 : <strong>comment peut-on laisser des escrocs, des malfaiteurs (et l\u00e0 des prisonniers dans le roman !) gouverner et imposer leur loi sans rien dire ?<\/strong><\/p>\n\n\n\n<p>Comme dans les autres romans que j&rsquo;ai pu lire de cette autrice, j&rsquo;aime sa capacit\u00e9 \u00e0 nous d\u00e9crire un monde totalement \u00e9tranger, mais que semble \u00e9trangement familier. C&rsquo;est une capacit\u00e9 rare et la plume de Le Guin y r\u00e9ussit magnifiquement. <\/p>\n\n\n\n<p class=\"has-text-align-center\">~<\/p>\n\n\n\n<h2 class=\"wp-block-heading\">#En Bref<\/h2>\n\n\n\n<p><em>L&rsquo;Oeil du H\u00e9ron<\/em> est un roman certes de science-fiction, mais une SF qui a l&rsquo;int\u00e9r\u00eat de refl\u00e9ter une \u00e9poque\u2026 sans doute celle des ann\u00e9es 70, mais aussi (et plus tristement) la n\u00f4tre.<\/p>\n\n\n\n<p><em><a href=\"https:\/\/www.livraddict.com\/biblio\/livre\/l-zil-du-heron.html\" target=\"_blank\" rel=\"noreferrer noopener\">L&rsquo;oeil du h\u00e9ron<\/a><\/em>.- Ursula K. Le Guin.- Ed. Actusf.- Coll. H\u00e9lios.- <a href=\"https:\/\/www.leslibraires.fr\/livre\/24450251-l-oeil-du-heron-le-guin-ursula-k--actusf\">Disponible<\/a><\/p>\n","protected":false},"excerpt":{"rendered":"<p>Cette \u00e9l\u00e9gante cr\u00e9ature grise, que, faute de mieux, les habitants de Victoria ont baptis\u00e9 h\u00e9ron, est le t\u00e9moin silencieux et \u00e9nigmatique des d\u00e9m\u00eal\u00e9s du Peuple de la Paix avec ses oppresseurs de la Cit\u00e9. Les deux communaut\u00e9s ont \u00e9t\u00e9 jadis d\u00e9port\u00e9es sur cette plan\u00e8te \u00e9loign\u00e9e de la Terre : l\u2019une \u00e0 cause de sa contagion &hellip; <a href=\"https:\/\/laplume-ou-lavie.fr\/index.php\/2025\/07\/07\/loeil-du-heron\/\" class=\"more-link\">Continuer la lecture<span class=\"screen-reader-text\"> de &laquo;&nbsp;L&rsquo;oeil du h\u00e9ron&nbsp;&raquo;<\/span><\/a><\/p>\n","protected":false},"author":1,"featured_media":0,"comment_status":"open","ping_status":"open","sticky":false,"template":"","format":"standard","meta":{"_exactmetrics_skip_tracking":false,"_exactmetrics_sitenote_active":false,"_exactmetrics_sitenote_note":"","_exactmetrics_sitenote_category":0,"jetpack_post_was_ever_published":false,"_jetpack_newsletter_access":"","_jetpack_dont_email_post_to_subs":false,"_jetpack_newsletter_tier_id":0,"_jetpack_memberships_contains_paywalled_content":false,"_jetpack_memberships_contains_paid_content":false,"footnotes":"","jetpack_publicize_message":"","jetpack_publicize_feature_enabled":true,"jetpack_social_post_already_shared":true,"jetpack_social_options":{"image_generator_settings":{"template":"highway","enabled":false},"version":2}},"categories":[92],"tags":[],"class_list":["post-3206","post","type-post","status-publish","format-standard","hentry","category-science-fiction"],"jetpack_publicize_connections":[],"yoast_head":"<!-- This site is optimized with the Yoast SEO plugin v24.8.1 - https:\/\/yoast.com\/wordpress\/plugins\/seo\/ -->\n<title>L&#039;oeil du h\u00e9ron -<\/title>\n<meta name=\"robots\" content=\"index, follow, max-snippet:-1, max-image-preview:large, max-video-preview:-1\" \/>\n<link rel=\"canonical\" href=\"https:\/\/laplume-ou-lavie.fr\/index.php\/2025\/07\/07\/loeil-du-heron\/\" \/>\n<meta property=\"og:locale\" content=\"fr_FR\" \/>\n<meta property=\"og:type\" content=\"article\" \/>\n<meta property=\"og:title\" content=\"L&#039;oeil du h\u00e9ron -\" \/>\n<meta property=\"og:description\" content=\"Cette \u00e9l\u00e9gante cr\u00e9ature grise, que, faute de mieux, les habitants de Victoria ont baptis\u00e9 h\u00e9ron, est le t\u00e9moin silencieux et \u00e9nigmatique des d\u00e9m\u00eal\u00e9s du Peuple de la Paix avec ses oppresseurs de la Cit\u00e9. Les deux communaut\u00e9s ont \u00e9t\u00e9 jadis d\u00e9port\u00e9es sur cette plan\u00e8te \u00e9loign\u00e9e de la Terre : l\u2019une \u00e0 cause de sa contagion &hellip; Continuer la lecture de &laquo;&nbsp;L&rsquo;oeil du h\u00e9ron&nbsp;&raquo;\" \/>\n<meta property=\"og:url\" content=\"https:\/\/laplume-ou-lavie.fr\/index.php\/2025\/07\/07\/loeil-du-heron\/\" \/>\n<meta property=\"article:published_time\" content=\"2025-07-07T14:13:09+00:00\" \/>\n<meta property=\"article:modified_time\" content=\"2025-07-07T14:13:10+00:00\" \/>\n<meta property=\"og:image\" content=\"https:\/\/laplume-ou-lavie.fr\/wp-content\/uploads\/2025\/07\/IMG_20250617_174843-768x1024.jpg\" \/>\n<meta name=\"author\" content=\"Aranae\" \/>\n<meta name=\"twitter:card\" content=\"summary_large_image\" \/>\n<meta name=\"twitter:label1\" content=\"\u00c9crit par\" \/>\n\t<meta name=\"twitter:data1\" content=\"Aranae\" \/>\n\t<meta name=\"twitter:label2\" content=\"Dur\u00e9e de lecture estim\u00e9e\" \/>\n\t<meta name=\"twitter:data2\" content=\"4 minutes\" \/>\n<script type=\"application\/ld+json\" class=\"yoast-schema-graph\">{\"@context\":\"https:\/\/schema.org\",\"@graph\":[{\"@type\":\"WebPage\",\"@id\":\"https:\/\/laplume-ou-lavie.fr\/index.php\/2025\/07\/07\/loeil-du-heron\/\",\"url\":\"https:\/\/laplume-ou-lavie.fr\/index.php\/2025\/07\/07\/loeil-du-heron\/\",\"name\":\"L'oeil du h\u00e9ron -\",\"isPartOf\":{\"@id\":\"https:\/\/laplume-ou-lavie.fr\/#website\"},\"primaryImageOfPage\":{\"@id\":\"https:\/\/laplume-ou-lavie.fr\/index.php\/2025\/07\/07\/loeil-du-heron\/#primaryimage\"},\"image\":{\"@id\":\"https:\/\/laplume-ou-lavie.fr\/index.php\/2025\/07\/07\/loeil-du-heron\/#primaryimage\"},\"thumbnailUrl\":\"https:\/\/laplume-ou-lavie.fr\/wp-content\/uploads\/2025\/07\/IMG_20250617_174843-768x1024.jpg\",\"datePublished\":\"2025-07-07T14:13:09+00:00\",\"dateModified\":\"2025-07-07T14:13:10+00:00\",\"author\":{\"@id\":\"https:\/\/laplume-ou-lavie.fr\/#\/schema\/person\/8d29addff22deeaf007a72230c1bbc92\"},\"breadcrumb\":{\"@id\":\"https:\/\/laplume-ou-lavie.fr\/index.php\/2025\/07\/07\/loeil-du-heron\/#breadcrumb\"},\"inLanguage\":\"fr-FR\",\"potentialAction\":[{\"@type\":\"ReadAction\",\"target\":[\"https:\/\/laplume-ou-lavie.fr\/index.php\/2025\/07\/07\/loeil-du-heron\/\"]}]},{\"@type\":\"ImageObject\",\"inLanguage\":\"fr-FR\",\"@id\":\"https:\/\/laplume-ou-lavie.fr\/index.php\/2025\/07\/07\/loeil-du-heron\/#primaryimage\",\"url\":\"https:\/\/i0.wp.com\/laplume-ou-lavie.fr\/wp-content\/uploads\/2025\/07\/IMG_20250617_174843-scaled.jpg?fit=1920%2C2560&ssl=1\",\"contentUrl\":\"https:\/\/i0.wp.com\/laplume-ou-lavie.fr\/wp-content\/uploads\/2025\/07\/IMG_20250617_174843-scaled.jpg?fit=1920%2C2560&ssl=1\",\"width\":1920,\"height\":2560,\"caption\":\"00000001\"},{\"@type\":\"BreadcrumbList\",\"@id\":\"https:\/\/laplume-ou-lavie.fr\/index.php\/2025\/07\/07\/loeil-du-heron\/#breadcrumb\",\"itemListElement\":[{\"@type\":\"ListItem\",\"position\":1,\"name\":\"Accueil\",\"item\":\"https:\/\/laplume-ou-lavie.fr\/\"},{\"@type\":\"ListItem\",\"position\":2,\"name\":\"L&rsquo;oeil du h\u00e9ron\"}]},{\"@type\":\"WebSite\",\"@id\":\"https:\/\/laplume-ou-lavie.fr\/#website\",\"url\":\"https:\/\/laplume-ou-lavie.fr\/\",\"name\":\"\",\"description\":\"De l&#039;imaginaire, mais pas que !\",\"potentialAction\":[{\"@type\":\"SearchAction\",\"target\":{\"@type\":\"EntryPoint\",\"urlTemplate\":\"https:\/\/laplume-ou-lavie.fr\/?s={search_term_string}\"},\"query-input\":{\"@type\":\"PropertyValueSpecification\",\"valueRequired\":true,\"valueName\":\"search_term_string\"}}],\"inLanguage\":\"fr-FR\"},{\"@type\":\"Person\",\"@id\":\"https:\/\/laplume-ou-lavie.fr\/#\/schema\/person\/8d29addff22deeaf007a72230c1bbc92\",\"name\":\"Aranae\",\"image\":{\"@type\":\"ImageObject\",\"inLanguage\":\"fr-FR\",\"@id\":\"https:\/\/laplume-ou-lavie.fr\/#\/schema\/person\/image\/\",\"url\":\"https:\/\/secure.gravatar.com\/avatar\/93dcbf1a350f165788ff0438948af447caa3f2bf54b19466fce3a7e8b44d6822?s=96&d=mm&r=g\",\"contentUrl\":\"https:\/\/secure.gravatar.com\/avatar\/93dcbf1a350f165788ff0438948af447caa3f2bf54b19466fce3a7e8b44d6822?s=96&d=mm&r=g\",\"caption\":\"Aranae\"},\"url\":\"https:\/\/laplume-ou-lavie.fr\/index.php\/author\/admin9515\/\"}]}<\/script>\n<!-- \/ Yoast SEO plugin. -->","yoast_head_json":{"title":"L'oeil du h\u00e9ron -","robots":{"index":"index","follow":"follow","max-snippet":"max-snippet:-1","max-image-preview":"max-image-preview:large","max-video-preview":"max-video-preview:-1"},"canonical":"https:\/\/laplume-ou-lavie.fr\/index.php\/2025\/07\/07\/loeil-du-heron\/","og_locale":"fr_FR","og_type":"article","og_title":"L'oeil du h\u00e9ron -","og_description":"Cette \u00e9l\u00e9gante cr\u00e9ature grise, que, faute de mieux, les habitants de Victoria ont baptis\u00e9 h\u00e9ron, est le t\u00e9moin silencieux et \u00e9nigmatique des d\u00e9m\u00eal\u00e9s du Peuple de la Paix avec ses oppresseurs de la Cit\u00e9. Les deux communaut\u00e9s ont \u00e9t\u00e9 jadis d\u00e9port\u00e9es sur cette plan\u00e8te \u00e9loign\u00e9e de la Terre : l\u2019une \u00e0 cause de sa contagion &hellip; Continuer la lecture de &laquo;&nbsp;L&rsquo;oeil du h\u00e9ron&nbsp;&raquo;","og_url":"https:\/\/laplume-ou-lavie.fr\/index.php\/2025\/07\/07\/loeil-du-heron\/","article_published_time":"2025-07-07T14:13:09+00:00","article_modified_time":"2025-07-07T14:13:10+00:00","og_image":[{"url":"https:\/\/laplume-ou-lavie.fr\/wp-content\/uploads\/2025\/07\/IMG_20250617_174843-768x1024.jpg","type":"","width":"","height":""}],"author":"Aranae","twitter_card":"summary_large_image","twitter_misc":{"\u00c9crit par":"Aranae","Dur\u00e9e de lecture estim\u00e9e":"4 minutes"},"schema":{"@context":"https:\/\/schema.org","@graph":[{"@type":"WebPage","@id":"https:\/\/laplume-ou-lavie.fr\/index.php\/2025\/07\/07\/loeil-du-heron\/","url":"https:\/\/laplume-ou-lavie.fr\/index.php\/2025\/07\/07\/loeil-du-heron\/","name":"L'oeil du h\u00e9ron -","isPartOf":{"@id":"https:\/\/laplume-ou-lavie.fr\/#website"},"primaryImageOfPage":{"@id":"https:\/\/laplume-ou-lavie.fr\/index.php\/2025\/07\/07\/loeil-du-heron\/#primaryimage"},"image":{"@id":"https:\/\/laplume-ou-lavie.fr\/index.php\/2025\/07\/07\/loeil-du-heron\/#primaryimage"},"thumbnailUrl":"https:\/\/laplume-ou-lavie.fr\/wp-content\/uploads\/2025\/07\/IMG_20250617_174843-768x1024.jpg","datePublished":"2025-07-07T14:13:09+00:00","dateModified":"2025-07-07T14:13:10+00:00","author":{"@id":"https:\/\/laplume-ou-lavie.fr\/#\/schema\/person\/8d29addff22deeaf007a72230c1bbc92"},"breadcrumb":{"@id":"https:\/\/laplume-ou-lavie.fr\/index.php\/2025\/07\/07\/loeil-du-heron\/#breadcrumb"},"inLanguage":"fr-FR","potentialAction":[{"@type":"ReadAction","target":["https:\/\/laplume-ou-lavie.fr\/index.php\/2025\/07\/07\/loeil-du-heron\/"]}]},{"@type":"ImageObject","inLanguage":"fr-FR","@id":"https:\/\/laplume-ou-lavie.fr\/index.php\/2025\/07\/07\/loeil-du-heron\/#primaryimage","url":"https:\/\/i0.wp.com\/laplume-ou-lavie.fr\/wp-content\/uploads\/2025\/07\/IMG_20250617_174843-scaled.jpg?fit=1920%2C2560&ssl=1","contentUrl":"https:\/\/i0.wp.com\/laplume-ou-lavie.fr\/wp-content\/uploads\/2025\/07\/IMG_20250617_174843-scaled.jpg?fit=1920%2C2560&ssl=1","width":1920,"height":2560,"caption":"00000001"},{"@type":"BreadcrumbList","@id":"https:\/\/laplume-ou-lavie.fr\/index.php\/2025\/07\/07\/loeil-du-heron\/#breadcrumb","itemListElement":[{"@type":"ListItem","position":1,"name":"Accueil","item":"https:\/\/laplume-ou-lavie.fr\/"},{"@type":"ListItem","position":2,"name":"L&rsquo;oeil du h\u00e9ron"}]},{"@type":"WebSite","@id":"https:\/\/laplume-ou-lavie.fr\/#website","url":"https:\/\/laplume-ou-lavie.fr\/","name":"","description":"De l&#039;imaginaire, mais pas que !","potentialAction":[{"@type":"SearchAction","target":{"@type":"EntryPoint","urlTemplate":"https:\/\/laplume-ou-lavie.fr\/?s={search_term_string}"},"query-input":{"@type":"PropertyValueSpecification","valueRequired":true,"valueName":"search_term_string"}}],"inLanguage":"fr-FR"},{"@type":"Person","@id":"https:\/\/laplume-ou-lavie.fr\/#\/schema\/person\/8d29addff22deeaf007a72230c1bbc92","name":"Aranae","image":{"@type":"ImageObject","inLanguage":"fr-FR","@id":"https:\/\/laplume-ou-lavie.fr\/#\/schema\/person\/image\/","url":"https:\/\/secure.gravatar.com\/avatar\/93dcbf1a350f165788ff0438948af447caa3f2bf54b19466fce3a7e8b44d6822?s=96&d=mm&r=g","contentUrl":"https:\/\/secure.gravatar.com\/avatar\/93dcbf1a350f165788ff0438948af447caa3f2bf54b19466fce3a7e8b44d6822?s=96&d=mm&r=g","caption":"Aranae"},"url":"https:\/\/laplume-ou-lavie.fr\/index.php\/author\/admin9515\/"}]}},"jetpack_featured_media_url":"","jetpack_sharing_enabled":true,"jetpack_shortlink":"https:\/\/wp.me\/p9RBBc-PI","jetpack-related-posts":[],"_links":{"self":[{"href":"https:\/\/laplume-ou-lavie.fr\/index.php\/wp-json\/wp\/v2\/posts\/3206","targetHints":{"allow":["GET"]}}],"collection":[{"href":"https:\/\/laplume-ou-lavie.fr\/index.php\/wp-json\/wp\/v2\/posts"}],"about":[{"href":"https:\/\/laplume-ou-lavie.fr\/index.php\/wp-json\/wp\/v2\/types\/post"}],"author":[{"embeddable":true,"href":"https:\/\/laplume-ou-lavie.fr\/index.php\/wp-json\/wp\/v2\/users\/1"}],"replies":[{"embeddable":true,"href":"https:\/\/laplume-ou-lavie.fr\/index.php\/wp-json\/wp\/v2\/comments?post=3206"}],"version-history":[{"count":2,"href":"https:\/\/laplume-ou-lavie.fr\/index.php\/wp-json\/wp\/v2\/posts\/3206\/revisions"}],"predecessor-version":[{"id":3209,"href":"https:\/\/laplume-ou-lavie.fr\/index.php\/wp-json\/wp\/v2\/posts\/3206\/revisions\/3209"}],"wp:attachment":[{"href":"https:\/\/laplume-ou-lavie.fr\/index.php\/wp-json\/wp\/v2\/media?parent=3206"}],"wp:term":[{"taxonomy":"category","embeddable":true,"href":"https:\/\/laplume-ou-lavie.fr\/index.php\/wp-json\/wp\/v2\/categories?post=3206"},{"taxonomy":"post_tag","embeddable":true,"href":"https:\/\/laplume-ou-lavie.fr\/index.php\/wp-json\/wp\/v2\/tags?post=3206"}],"curies":[{"name":"wp","href":"https:\/\/api.w.org\/{rel}","templated":true}]}}