{"id":3189,"date":"2025-04-28T12:14:01","date_gmt":"2025-04-28T10:14:01","guid":{"rendered":"https:\/\/laplume-ou-lavie.fr\/?p=3189"},"modified":"2025-04-28T12:14:01","modified_gmt":"2025-04-28T10:14:01","slug":"les-oiseaux-du-temps","status":"publish","type":"post","link":"https:\/\/laplume-ou-lavie.fr\/index.php\/2025\/04\/28\/les-oiseaux-du-temps\/","title":{"rendered":"Les Oiseaux du temps"},"content":{"rendered":"<div class=\"wp-block-image\">\n<figure class=\"aligncenter size-full\"><img data-recalc-dims=\"1\" loading=\"lazy\" decoding=\"async\" width=\"400\" height=\"647\" data-attachment-id=\"3191\" data-permalink=\"https:\/\/laplume-ou-lavie.fr\/index.php\/2025\/04\/28\/les-oiseaux-du-temps\/couv207030\/\" data-orig-file=\"https:\/\/i0.wp.com\/laplume-ou-lavie.fr\/wp-content\/uploads\/2025\/04\/couv207030.jpg?fit=400%2C647&amp;ssl=1\" data-orig-size=\"400,647\" data-comments-opened=\"1\" data-image-meta=\"{&quot;aperture&quot;:&quot;0&quot;,&quot;credit&quot;:&quot;&quot;,&quot;camera&quot;:&quot;&quot;,&quot;caption&quot;:&quot;&quot;,&quot;created_timestamp&quot;:&quot;0&quot;,&quot;copyright&quot;:&quot;&quot;,&quot;focal_length&quot;:&quot;0&quot;,&quot;iso&quot;:&quot;0&quot;,&quot;shutter_speed&quot;:&quot;0&quot;,&quot;title&quot;:&quot;&quot;,&quot;orientation&quot;:&quot;0&quot;}\" data-image-title=\"couv207030\" data-image-description=\"\" data-image-caption=\"\" data-medium-file=\"https:\/\/i0.wp.com\/laplume-ou-lavie.fr\/wp-content\/uploads\/2025\/04\/couv207030.jpg?fit=185%2C300&amp;ssl=1\" data-large-file=\"https:\/\/i0.wp.com\/laplume-ou-lavie.fr\/wp-content\/uploads\/2025\/04\/couv207030.jpg?fit=400%2C647&amp;ssl=1\" src=\"https:\/\/i0.wp.com\/laplume-ou-lavie.fr\/wp-content\/uploads\/2025\/04\/couv207030.jpg?resize=400%2C647&#038;ssl=1\" alt=\"\" class=\"wp-image-3191\" srcset=\"https:\/\/i0.wp.com\/laplume-ou-lavie.fr\/wp-content\/uploads\/2025\/04\/couv207030.jpg?w=400&amp;ssl=1 400w, https:\/\/i0.wp.com\/laplume-ou-lavie.fr\/wp-content\/uploads\/2025\/04\/couv207030.jpg?resize=185%2C300&amp;ssl=1 185w\" sizes=\"auto, (max-width: 400px) 85vw, 400px\" \/><\/figure><\/div>\n\n\n<p>C\u2019est ainsi que nous gagnons.<br>Bleu et Rouge, deux combattants ennemis d\u2019une \u00e9trange guerre temporelle, s\u2019engagent dans une correspondance interdite, \u00e0 travers les \u00e9poques et les champs de bataille. Ces lettres, ne pouvant \u00eatre lues qu\u2019une seule fois, deviennent peu \u00e0 peu le refuge de leurs doutes et de leurs r\u00eaves. Un amour fragile et dangereux na\u00eetra de leurs \u00e9changes. Il leur faudra le pr\u00e9server envers et contre tout.<\/p>\n\n\n\n<!--more-->\n\n\n\n<h2 class=\"wp-block-heading has-text-align-center\">#Comment ce livre m&rsquo;est-il tomb\u00e9 entre les mains ?<\/h2>\n\n\n\n<p>J&rsquo;ai vu passer ce roman plusieurs fois au fil des ann\u00e9es pass\u00e9es, sans jamais oser m&rsquo;y plonger malgr\u00e9 sa petite taille. Et puis, comme souvent, il a suffi d&rsquo;attendre le bon moment, celui o\u00f9 la lecture semble la plus indiqu\u00e9e. Bon. Ce court roman a quand m\u00eame attendu quelques jours avant sa lecture si j&rsquo;en crois <a href=\"https:\/\/www.livraddict.com\/profil\/aranae\/\" target=\"_blank\" rel=\"noreferrer noopener\">mon compte Livraddict<\/a>, mais j&rsquo;ai fini par le lire. Et le d\u00e9vorer.<\/p>\n\n\n\n<p class=\"has-text-align-center\">~<\/p>\n\n\n\n<h2 class=\"wp-block-heading has-text-align-center\">Voyage au fil des temps<\/h2>\n\n\n\n<p>Je crois que j&rsquo;avais peur de l&rsquo;absence d&rsquo;ancrage temporel avec ce roman. Les auteurices nous prom\u00e8nent d&rsquo;\u00e9poque en \u00e9poque au gr\u00e9 des besoins de nos agent\u00b7es du temps sans m\u00eame nous donner d&rsquo;indications temporelles. Mais comme souvent, j&rsquo;ai d\u00e9cid\u00e9 de me laisser porter au fil des sauts et de profiter des tableaux qui se dessinaient devant mes yeux.<\/p>\n\n\n\n<p>L&rsquo;intrigue en elle-m\u00eame est assez simple : Bleu et Rouge, appartenant \u00e0 des clans adverses, voyagent donc d&rsquo;\u00e9poque en \u00e9poque afin de mettre un grain de sable dans le rouage du temps afin de faire pencher les \u00e9v\u00e9nements en leur faveur. Plut\u00f4t facile \u00e0 comprendre pour moi, jusque l\u00e0.<\/p>\n\n\n\n<p>Mais ce qu&rsquo;il se passe, c&rsquo;est que les deux protagonistes cr\u00e9ent une relation aussi in\u00e9dite que d\u00e9fendue. Des sentiments se nouent et se renforcent au fil du (des ?) temps. Iels se laissent des lettres, des messages et font preuve pour cela d&rsquo;une immense cr\u00e9ativit\u00e9. En cela, l&rsquo;histoire sort du lot, car la lectrice que je suis a cherch\u00e9 \u00e0 imaginer de son c\u00f4t\u00e9 quelles m\u00e9thodes pouvaient bien \u00eatre employ\u00e9es pour transmettre et trouver ces messages.<\/p>\n\n\n\n<p>J&rsquo;avoue qu&rsquo;un roman de science-fiction \u00e9pistolaire a de quoi un peu surprendre. Mais l&rsquo;alliance entre la forme et le fond forment un ensemble tr\u00e8s r\u00e9ussi qui me reste en t\u00eate plusieurs mois apr\u00e8s sa lecture !<\/p>\n\n\n\n<p>De mani\u00e8re g\u00e9n\u00e9rale, la courte taille du r\u00e9cit cache un background \u00e9norme et offre un potentiel infini \u00e0 l&rsquo;imagination des lecteurices pour aller plus loin et imaginer l&rsquo;\u00e9poque d&rsquo;appartenance des protagonistes, celles o\u00f9 iels se rendent, etc.<\/p>\n\n\n\n<p>Il y a \u00e9norm\u00e9ment de po\u00e9sie dans l&rsquo;\u00e9criture des auteurices. Dans la traduction que j&rsquo;ai eue entre les mains du moins. Les lettres sont un r\u00e9el plaisir \u00e0 lire et contiennent toute les \u00e9motions qu&rsquo;il est possible d&rsquo;imaginer dans la relation entre Rouge et Bleu.<\/p>\n\n\n\n<p class=\"has-text-align-center\">~<\/p>\n\n\n\n<h2 class=\"wp-block-heading has-text-align-center\">#En bref<\/h2>\n\n\n\n<p>Ce texte court est un v\u00e9ritable bijou d&rsquo;\u00e9criture, tant sur le fond que sur la forme. Il peut d\u00e9router, mais le mieux pour l&rsquo;aborder, \u00e0 mon humble avis, est de se laisser porter au fil des lettres et \u00e0 profiter \u00e0 fond des \u00e9changes entre Bleu et rouge.<\/p>\n\n\n\n<p><\/p>\n\n\n\n<p>Les Oiseaux du temps.- Amal El-Mohtar &amp; Max Gladstone.- Ed. Le Livre de Poche.- <a href=\"https:\/\/www.leslibraires.fr\/livre\/22017778-les-oiseaux-du-temps-max-gladstone-amal-el-mohtar-le-livre-de-poche\" target=\"_blank\" rel=\"noreferrer noopener\">Disponible<\/a><\/p>\n","protected":false},"excerpt":{"rendered":"<p>C\u2019est ainsi que nous gagnons.Bleu et Rouge, deux combattants ennemis d\u2019une \u00e9trange guerre temporelle, s\u2019engagent dans une correspondance interdite, \u00e0 travers les \u00e9poques et les champs de bataille. Ces lettres, ne pouvant \u00eatre lues qu\u2019une seule fois, deviennent peu \u00e0 peu le refuge de leurs doutes et de leurs r\u00eaves. Un amour fragile et dangereux &hellip; <a href=\"https:\/\/laplume-ou-lavie.fr\/index.php\/2025\/04\/28\/les-oiseaux-du-temps\/\" class=\"more-link\">Continuer la lecture<span class=\"screen-reader-text\"> de &laquo;&nbsp;Les Oiseaux du temps&nbsp;&raquo;<\/span><\/a><\/p>\n","protected":false},"author":1,"featured_media":0,"comment_status":"open","ping_status":"open","sticky":false,"template":"","format":"standard","meta":{"_exactmetrics_skip_tracking":false,"_exactmetrics_sitenote_active":false,"_exactmetrics_sitenote_note":"","_exactmetrics_sitenote_category":0,"jetpack_post_was_ever_published":false,"_jetpack_newsletter_access":"","_jetpack_dont_email_post_to_subs":false,"_jetpack_newsletter_tier_id":0,"_jetpack_memberships_contains_paywalled_content":false,"_jetpack_memberships_contains_paid_content":false,"footnotes":"","jetpack_publicize_message":"","jetpack_publicize_feature_enabled":true,"jetpack_social_post_already_shared":true,"jetpack_social_options":{"image_generator_settings":{"template":"highway","enabled":false},"version":2}},"categories":[92],"tags":[],"class_list":["post-3189","post","type-post","status-publish","format-standard","hentry","category-science-fiction"],"jetpack_publicize_connections":[],"yoast_head":"<!-- This site is optimized with the Yoast SEO plugin v24.8.1 - https:\/\/yoast.com\/wordpress\/plugins\/seo\/ -->\n<title>Les Oiseaux du temps -<\/title>\n<meta name=\"robots\" content=\"index, follow, max-snippet:-1, max-image-preview:large, max-video-preview:-1\" \/>\n<link rel=\"canonical\" href=\"https:\/\/laplume-ou-lavie.fr\/index.php\/2025\/04\/28\/les-oiseaux-du-temps\/\" \/>\n<meta property=\"og:locale\" content=\"fr_FR\" \/>\n<meta property=\"og:type\" content=\"article\" \/>\n<meta property=\"og:title\" content=\"Les Oiseaux du temps -\" \/>\n<meta property=\"og:description\" content=\"C\u2019est ainsi que nous gagnons.Bleu et Rouge, deux combattants ennemis d\u2019une \u00e9trange guerre temporelle, s\u2019engagent dans une correspondance interdite, \u00e0 travers les \u00e9poques et les champs de bataille. Ces lettres, ne pouvant \u00eatre lues qu\u2019une seule fois, deviennent peu \u00e0 peu le refuge de leurs doutes et de leurs r\u00eaves. Un amour fragile et dangereux &hellip; Continuer la lecture de &laquo;&nbsp;Les Oiseaux du temps&nbsp;&raquo;\" \/>\n<meta property=\"og:url\" content=\"https:\/\/laplume-ou-lavie.fr\/index.php\/2025\/04\/28\/les-oiseaux-du-temps\/\" \/>\n<meta property=\"article:published_time\" content=\"2025-04-28T10:14:01+00:00\" \/>\n<meta property=\"og:image\" content=\"https:\/\/laplume-ou-lavie.fr\/wp-content\/uploads\/2025\/04\/couv207030.jpg\" \/>\n<meta name=\"author\" content=\"Aranae\" \/>\n<meta name=\"twitter:card\" content=\"summary_large_image\" \/>\n<meta name=\"twitter:label1\" content=\"\u00c9crit par\" \/>\n\t<meta name=\"twitter:data1\" content=\"Aranae\" \/>\n\t<meta name=\"twitter:label2\" content=\"Dur\u00e9e de lecture estim\u00e9e\" \/>\n\t<meta name=\"twitter:data2\" content=\"3 minutes\" \/>\n<script type=\"application\/ld+json\" class=\"yoast-schema-graph\">{\"@context\":\"https:\/\/schema.org\",\"@graph\":[{\"@type\":\"WebPage\",\"@id\":\"https:\/\/laplume-ou-lavie.fr\/index.php\/2025\/04\/28\/les-oiseaux-du-temps\/\",\"url\":\"https:\/\/laplume-ou-lavie.fr\/index.php\/2025\/04\/28\/les-oiseaux-du-temps\/\",\"name\":\"Les Oiseaux du temps -\",\"isPartOf\":{\"@id\":\"https:\/\/laplume-ou-lavie.fr\/#website\"},\"primaryImageOfPage\":{\"@id\":\"https:\/\/laplume-ou-lavie.fr\/index.php\/2025\/04\/28\/les-oiseaux-du-temps\/#primaryimage\"},\"image\":{\"@id\":\"https:\/\/laplume-ou-lavie.fr\/index.php\/2025\/04\/28\/les-oiseaux-du-temps\/#primaryimage\"},\"thumbnailUrl\":\"https:\/\/laplume-ou-lavie.fr\/wp-content\/uploads\/2025\/04\/couv207030.jpg\",\"datePublished\":\"2025-04-28T10:14:01+00:00\",\"author\":{\"@id\":\"https:\/\/laplume-ou-lavie.fr\/#\/schema\/person\/8d29addff22deeaf007a72230c1bbc92\"},\"breadcrumb\":{\"@id\":\"https:\/\/laplume-ou-lavie.fr\/index.php\/2025\/04\/28\/les-oiseaux-du-temps\/#breadcrumb\"},\"inLanguage\":\"fr-FR\",\"potentialAction\":[{\"@type\":\"ReadAction\",\"target\":[\"https:\/\/laplume-ou-lavie.fr\/index.php\/2025\/04\/28\/les-oiseaux-du-temps\/\"]}]},{\"@type\":\"ImageObject\",\"inLanguage\":\"fr-FR\",\"@id\":\"https:\/\/laplume-ou-lavie.fr\/index.php\/2025\/04\/28\/les-oiseaux-du-temps\/#primaryimage\",\"url\":\"https:\/\/i0.wp.com\/laplume-ou-lavie.fr\/wp-content\/uploads\/2025\/04\/couv207030.jpg?fit=400%2C647&ssl=1\",\"contentUrl\":\"https:\/\/i0.wp.com\/laplume-ou-lavie.fr\/wp-content\/uploads\/2025\/04\/couv207030.jpg?fit=400%2C647&ssl=1\",\"width\":400,\"height\":647},{\"@type\":\"BreadcrumbList\",\"@id\":\"https:\/\/laplume-ou-lavie.fr\/index.php\/2025\/04\/28\/les-oiseaux-du-temps\/#breadcrumb\",\"itemListElement\":[{\"@type\":\"ListItem\",\"position\":1,\"name\":\"Accueil\",\"item\":\"https:\/\/laplume-ou-lavie.fr\/\"},{\"@type\":\"ListItem\",\"position\":2,\"name\":\"Les Oiseaux du temps\"}]},{\"@type\":\"WebSite\",\"@id\":\"https:\/\/laplume-ou-lavie.fr\/#website\",\"url\":\"https:\/\/laplume-ou-lavie.fr\/\",\"name\":\"\",\"description\":\"De l&#039;imaginaire, mais pas que !\",\"potentialAction\":[{\"@type\":\"SearchAction\",\"target\":{\"@type\":\"EntryPoint\",\"urlTemplate\":\"https:\/\/laplume-ou-lavie.fr\/?s={search_term_string}\"},\"query-input\":{\"@type\":\"PropertyValueSpecification\",\"valueRequired\":true,\"valueName\":\"search_term_string\"}}],\"inLanguage\":\"fr-FR\"},{\"@type\":\"Person\",\"@id\":\"https:\/\/laplume-ou-lavie.fr\/#\/schema\/person\/8d29addff22deeaf007a72230c1bbc92\",\"name\":\"Aranae\",\"image\":{\"@type\":\"ImageObject\",\"inLanguage\":\"fr-FR\",\"@id\":\"https:\/\/laplume-ou-lavie.fr\/#\/schema\/person\/image\/\",\"url\":\"https:\/\/secure.gravatar.com\/avatar\/93dcbf1a350f165788ff0438948af447caa3f2bf54b19466fce3a7e8b44d6822?s=96&d=mm&r=g\",\"contentUrl\":\"https:\/\/secure.gravatar.com\/avatar\/93dcbf1a350f165788ff0438948af447caa3f2bf54b19466fce3a7e8b44d6822?s=96&d=mm&r=g\",\"caption\":\"Aranae\"},\"url\":\"https:\/\/laplume-ou-lavie.fr\/index.php\/author\/admin9515\/\"}]}<\/script>\n<!-- \/ Yoast SEO plugin. -->","yoast_head_json":{"title":"Les Oiseaux du temps -","robots":{"index":"index","follow":"follow","max-snippet":"max-snippet:-1","max-image-preview":"max-image-preview:large","max-video-preview":"max-video-preview:-1"},"canonical":"https:\/\/laplume-ou-lavie.fr\/index.php\/2025\/04\/28\/les-oiseaux-du-temps\/","og_locale":"fr_FR","og_type":"article","og_title":"Les Oiseaux du temps -","og_description":"C\u2019est ainsi que nous gagnons.Bleu et Rouge, deux combattants ennemis d\u2019une \u00e9trange guerre temporelle, s\u2019engagent dans une correspondance interdite, \u00e0 travers les \u00e9poques et les champs de bataille. Ces lettres, ne pouvant \u00eatre lues qu\u2019une seule fois, deviennent peu \u00e0 peu le refuge de leurs doutes et de leurs r\u00eaves. Un amour fragile et dangereux &hellip; Continuer la lecture de &laquo;&nbsp;Les Oiseaux du temps&nbsp;&raquo;","og_url":"https:\/\/laplume-ou-lavie.fr\/index.php\/2025\/04\/28\/les-oiseaux-du-temps\/","article_published_time":"2025-04-28T10:14:01+00:00","og_image":[{"url":"https:\/\/laplume-ou-lavie.fr\/wp-content\/uploads\/2025\/04\/couv207030.jpg","type":"","width":"","height":""}],"author":"Aranae","twitter_card":"summary_large_image","twitter_misc":{"\u00c9crit par":"Aranae","Dur\u00e9e de lecture estim\u00e9e":"3 minutes"},"schema":{"@context":"https:\/\/schema.org","@graph":[{"@type":"WebPage","@id":"https:\/\/laplume-ou-lavie.fr\/index.php\/2025\/04\/28\/les-oiseaux-du-temps\/","url":"https:\/\/laplume-ou-lavie.fr\/index.php\/2025\/04\/28\/les-oiseaux-du-temps\/","name":"Les Oiseaux du temps -","isPartOf":{"@id":"https:\/\/laplume-ou-lavie.fr\/#website"},"primaryImageOfPage":{"@id":"https:\/\/laplume-ou-lavie.fr\/index.php\/2025\/04\/28\/les-oiseaux-du-temps\/#primaryimage"},"image":{"@id":"https:\/\/laplume-ou-lavie.fr\/index.php\/2025\/04\/28\/les-oiseaux-du-temps\/#primaryimage"},"thumbnailUrl":"https:\/\/laplume-ou-lavie.fr\/wp-content\/uploads\/2025\/04\/couv207030.jpg","datePublished":"2025-04-28T10:14:01+00:00","author":{"@id":"https:\/\/laplume-ou-lavie.fr\/#\/schema\/person\/8d29addff22deeaf007a72230c1bbc92"},"breadcrumb":{"@id":"https:\/\/laplume-ou-lavie.fr\/index.php\/2025\/04\/28\/les-oiseaux-du-temps\/#breadcrumb"},"inLanguage":"fr-FR","potentialAction":[{"@type":"ReadAction","target":["https:\/\/laplume-ou-lavie.fr\/index.php\/2025\/04\/28\/les-oiseaux-du-temps\/"]}]},{"@type":"ImageObject","inLanguage":"fr-FR","@id":"https:\/\/laplume-ou-lavie.fr\/index.php\/2025\/04\/28\/les-oiseaux-du-temps\/#primaryimage","url":"https:\/\/i0.wp.com\/laplume-ou-lavie.fr\/wp-content\/uploads\/2025\/04\/couv207030.jpg?fit=400%2C647&ssl=1","contentUrl":"https:\/\/i0.wp.com\/laplume-ou-lavie.fr\/wp-content\/uploads\/2025\/04\/couv207030.jpg?fit=400%2C647&ssl=1","width":400,"height":647},{"@type":"BreadcrumbList","@id":"https:\/\/laplume-ou-lavie.fr\/index.php\/2025\/04\/28\/les-oiseaux-du-temps\/#breadcrumb","itemListElement":[{"@type":"ListItem","position":1,"name":"Accueil","item":"https:\/\/laplume-ou-lavie.fr\/"},{"@type":"ListItem","position":2,"name":"Les Oiseaux du temps"}]},{"@type":"WebSite","@id":"https:\/\/laplume-ou-lavie.fr\/#website","url":"https:\/\/laplume-ou-lavie.fr\/","name":"","description":"De l&#039;imaginaire, mais pas que !","potentialAction":[{"@type":"SearchAction","target":{"@type":"EntryPoint","urlTemplate":"https:\/\/laplume-ou-lavie.fr\/?s={search_term_string}"},"query-input":{"@type":"PropertyValueSpecification","valueRequired":true,"valueName":"search_term_string"}}],"inLanguage":"fr-FR"},{"@type":"Person","@id":"https:\/\/laplume-ou-lavie.fr\/#\/schema\/person\/8d29addff22deeaf007a72230c1bbc92","name":"Aranae","image":{"@type":"ImageObject","inLanguage":"fr-FR","@id":"https:\/\/laplume-ou-lavie.fr\/#\/schema\/person\/image\/","url":"https:\/\/secure.gravatar.com\/avatar\/93dcbf1a350f165788ff0438948af447caa3f2bf54b19466fce3a7e8b44d6822?s=96&d=mm&r=g","contentUrl":"https:\/\/secure.gravatar.com\/avatar\/93dcbf1a350f165788ff0438948af447caa3f2bf54b19466fce3a7e8b44d6822?s=96&d=mm&r=g","caption":"Aranae"},"url":"https:\/\/laplume-ou-lavie.fr\/index.php\/author\/admin9515\/"}]}},"jetpack_featured_media_url":"","jetpack_sharing_enabled":true,"jetpack_shortlink":"https:\/\/wp.me\/p9RBBc-Pr","jetpack-related-posts":[],"_links":{"self":[{"href":"https:\/\/laplume-ou-lavie.fr\/index.php\/wp-json\/wp\/v2\/posts\/3189","targetHints":{"allow":["GET"]}}],"collection":[{"href":"https:\/\/laplume-ou-lavie.fr\/index.php\/wp-json\/wp\/v2\/posts"}],"about":[{"href":"https:\/\/laplume-ou-lavie.fr\/index.php\/wp-json\/wp\/v2\/types\/post"}],"author":[{"embeddable":true,"href":"https:\/\/laplume-ou-lavie.fr\/index.php\/wp-json\/wp\/v2\/users\/1"}],"replies":[{"embeddable":true,"href":"https:\/\/laplume-ou-lavie.fr\/index.php\/wp-json\/wp\/v2\/comments?post=3189"}],"version-history":[{"count":2,"href":"https:\/\/laplume-ou-lavie.fr\/index.php\/wp-json\/wp\/v2\/posts\/3189\/revisions"}],"predecessor-version":[{"id":3192,"href":"https:\/\/laplume-ou-lavie.fr\/index.php\/wp-json\/wp\/v2\/posts\/3189\/revisions\/3192"}],"wp:attachment":[{"href":"https:\/\/laplume-ou-lavie.fr\/index.php\/wp-json\/wp\/v2\/media?parent=3189"}],"wp:term":[{"taxonomy":"category","embeddable":true,"href":"https:\/\/laplume-ou-lavie.fr\/index.php\/wp-json\/wp\/v2\/categories?post=3189"},{"taxonomy":"post_tag","embeddable":true,"href":"https:\/\/laplume-ou-lavie.fr\/index.php\/wp-json\/wp\/v2\/tags?post=3189"}],"curies":[{"name":"wp","href":"https:\/\/api.w.org\/{rel}","templated":true}]}}