{"id":3165,"date":"2025-02-27T17:25:32","date_gmt":"2025-02-27T16:25:32","guid":{"rendered":"https:\/\/laplume-ou-lavie.fr\/?p=3165"},"modified":"2025-02-27T17:25:33","modified_gmt":"2025-02-27T16:25:33","slug":"les-nuits-sans-kim-sauvage","status":"publish","type":"post","link":"https:\/\/laplume-ou-lavie.fr\/index.php\/2025\/02\/27\/les-nuits-sans-kim-sauvage\/","title":{"rendered":"Les Nuits sans Kim Sauvage"},"content":{"rendered":"\n<figure class=\"wp-block-image size-large\"><img data-recalc-dims=\"1\" loading=\"lazy\" decoding=\"async\" width=\"768\" height=\"1024\" data-attachment-id=\"3166\" data-permalink=\"https:\/\/laplume-ou-lavie.fr\/index.php\/2025\/02\/27\/les-nuits-sans-kim-sauvage\/img_20250218_160919\/\" data-orig-file=\"https:\/\/i0.wp.com\/laplume-ou-lavie.fr\/wp-content\/uploads\/2025\/02\/IMG_20250218_160919-scaled.jpg?fit=1920%2C2560&amp;ssl=1\" data-orig-size=\"1920,2560\" data-comments-opened=\"1\" data-image-meta=\"{&quot;aperture&quot;:&quot;1.8&quot;,&quot;credit&quot;:&quot;&quot;,&quot;camera&quot;:&quot;FP3&quot;,&quot;caption&quot;:&quot;&quot;,&quot;created_timestamp&quot;:&quot;1739894959&quot;,&quot;copyright&quot;:&quot;&quot;,&quot;focal_length&quot;:&quot;4.36&quot;,&quot;iso&quot;:&quot;610&quot;,&quot;shutter_speed&quot;:&quot;0.05&quot;,&quot;title&quot;:&quot;&quot;,&quot;orientation&quot;:&quot;0&quot;}\" data-image-title=\"IMG_20250218_160919\" data-image-description=\"\" data-image-caption=\"\" data-medium-file=\"https:\/\/i0.wp.com\/laplume-ou-lavie.fr\/wp-content\/uploads\/2025\/02\/IMG_20250218_160919-scaled.jpg?fit=225%2C300&amp;ssl=1\" data-large-file=\"https:\/\/i0.wp.com\/laplume-ou-lavie.fr\/wp-content\/uploads\/2025\/02\/IMG_20250218_160919-scaled.jpg?fit=768%2C1024&amp;ssl=1\" src=\"https:\/\/i0.wp.com\/laplume-ou-lavie.fr\/wp-content\/uploads\/2025\/02\/IMG_20250218_160919.jpg?resize=768%2C1024&#038;ssl=1\" alt=\"\" class=\"wp-image-3166\" srcset=\"https:\/\/i0.wp.com\/laplume-ou-lavie.fr\/wp-content\/uploads\/2025\/02\/IMG_20250218_160919-scaled.jpg?resize=768%2C1024&amp;ssl=1 768w, https:\/\/i0.wp.com\/laplume-ou-lavie.fr\/wp-content\/uploads\/2025\/02\/IMG_20250218_160919-scaled.jpg?resize=225%2C300&amp;ssl=1 225w, https:\/\/i0.wp.com\/laplume-ou-lavie.fr\/wp-content\/uploads\/2025\/02\/IMG_20250218_160919-scaled.jpg?resize=1152%2C1536&amp;ssl=1 1152w, https:\/\/i0.wp.com\/laplume-ou-lavie.fr\/wp-content\/uploads\/2025\/02\/IMG_20250218_160919-scaled.jpg?resize=1536%2C2048&amp;ssl=1 1536w, https:\/\/i0.wp.com\/laplume-ou-lavie.fr\/wp-content\/uploads\/2025\/02\/IMG_20250218_160919-scaled.jpg?resize=1200%2C1600&amp;ssl=1 1200w, https:\/\/i0.wp.com\/laplume-ou-lavie.fr\/wp-content\/uploads\/2025\/02\/IMG_20250218_160919-scaled.jpg?w=1920&amp;ssl=1 1920w, https:\/\/i0.wp.com\/laplume-ou-lavie.fr\/wp-content\/uploads\/2025\/02\/IMG_20250218_160919-scaled.jpg?w=1680&amp;ssl=1 1680w\" sizes=\"auto, (max-width: 709px) 85vw, (max-width: 909px) 67vw, (max-width: 984px) 61vw, (max-width: 1362px) 45vw, 600px\" \/><\/figure>\n\n\n\n<p><\/p>\n\n\n\n<p>Paris, (\u00e0 peu pr\u00e8s) de nos jours<\/p>\n\n\n\n<p>Stagiaire dans un magazine pour adolescentes, Vic partage sa vie entre les passions tristes d\u2019une mode virtuelle et son histoire d\u2019amour dysfonctionnelle avec Maria Paillette, son IA bugg\u00e9e. Quand l\u2019opportunit\u00e9 lui est donn\u00e9e de percer \u00e0 jour les myst\u00e8res du premier clip cyberpunk fran\u00e7ais, Les Nuits sans Kim Wilde de Laurent Voulzy, elle d\u00e9couvre en elle des ressources insoup\u00e7onn\u00e9es. Une ambition qui l\u2019entra\u00eenera au top du monde de la haute couture parisienne. Mais vivre ce r\u00eave a un prix : d\u00e9chir\u00e9e entre les intrigues d\u2019un luxe inaccessible et le poisseux de l\u2019Ouvert, monde artificiel o\u00f9 se sont engouffr\u00e9s les d\u00e9sirs d\u2019une humanit\u00e9 en bout de course, Vic va devoir choisir. Un choix qui pourrait bien mener, par le jeu impitoyable des forces politiques et cosmiques pr\u00e9sidant \u00e0 la structure m\u00eame de la r\u00e9alit\u00e9, \u00e0 la d\u00e9sint\u00e9gration du capitalisme, du virtuel et de nos derniers amours.<br>\u00c0 l\u2019espoir, pourtant : le retour au corps, au c\u0153ur battant. \u00c0 la lumi\u00e8re int\u00e9rieure.<\/p>\n\n\n\n<!--more-->\n\n\n\n<h2 class=\"has-text-align-center wp-block-heading\">#De quoi \u00e7a parle ?<\/h2>\n\n\n\n<p>On y suit les aventures de Vic, une jeune femme paum\u00e9e entre sa vie virtuelle et sa vie r\u00e9elle, en recherche de celle qu&rsquo;elle est r\u00e9ellement. Elle (et nous par la m\u00eame occasion) se trouve embarqu\u00e9e par des enjeux qui la d\u00e9passent et qui la m\u00e8neront dans une aventure pleine de rebondissement au coeur de l&rsquo;Ouvert, mais pas que.<\/p>\n\n\n\n<p class=\"has-text-align-center\">~<\/p>\n\n\n\n<h2 class=\"has-text-align-center wp-block-heading\">#Mais qui est cette Kim Sauvage, \u00e0 la fin ?!<\/h2>\n\n\n\n<p><br>Les Nuits sans Kim Sauvage est un roman sur lequel je me suis jet\u00e9e d\u00e8s sa sortie, apr\u00e8s avoir lu d&rsquo;autres histoires de l&rsquo;autrice et avoir eu le plaisir de la rencontrer en librairie (<a href=\"https:\/\/open.spotify.com\/episode\/2kUb7mDzYYNfRg4bdFMXRR?si=dbde28cc78584493\" target=\"_blank\" rel=\"noreferrer noopener\">redif ici<\/a>). \u00c7a a \u00e9t\u00e9 une vraie claque pour moi, ce livre. Il me restera tr\u00e8s longtemps en t\u00eate, c&rsquo;est certain.<\/p>\n\n\n\n<p>Pourtant, l\u2019entr\u00e9e dans ce roman n\u2019a pas \u00e9t\u00e9 imm\u00e9diate. J\u2019ai t\u00e2tonn\u00e9, h\u00e9sit\u00e9, puis referm\u00e9 le livre. Avant de le rouvrir, sur un coup de t\u00eate. Et l\u00e0, l\u2019alchimie s\u2019est op\u00e9r\u00e9e. D\u00e9vor\u00e9 d\u2019une traite. Comme quoi, chaque livre a son heure, et il faut parfois attendre d\u2019\u00eatre pr\u00eat\u00b7e pour plonger dedans. Ce que j\u2019aime par-dessus tout, c\u2019est quand un r\u00e9cit finit par m\u2019absorber au point de brouiller la fronti\u00e8re entre le r\u00e9el et l\u2019imaginaire. Ici, cet imaginaire d\u00e9borde de chaque page, tentaculaire et hypnotique.<\/p>\n\n\n\n<p>L&rsquo;autrice nous dessine un monde clairement dystopique domin\u00e9 par les marques de mode, o\u00f9 les humain\u00b7es sont toustes plus ou moins des pions interchangeables. Ce monde est un peu opaque et je n&rsquo;ai pas compris l&rsquo;int\u00e9gralit\u00e9 de son fonctionnement. Mais le traverser dans les pas de Vic, la protagoniste, \u00e9tait une aventure int\u00e9ressante.<\/p>\n\n\n\n<p>Alors j\u2019ai d\u00e9cid\u00e9 de l\u00e2cher prise. De ne plus chercher \u00e0 tout comprendre, mais de me laisser porter par la prose de l\u2019autrice. Et c\u2019est l\u00e0 que la magie a op\u00e9r\u00e9. J\u2019ai go\u00fbt\u00e9 \u00e0 une langue brute et cisel\u00e9e, \u00e0 la fois lyrique et cruelle, qui d\u00e9ploie des images d\u2019une puissance rare. D\u2019un tableau onirique \u00e0 une sc\u00e8ne d\u2019une brutalit\u00e9 tranchante, l\u2019\u00e9criture oscille avec une aisance d\u00e9sarmante. J\u2019ai avanc\u00e9 \u00e0 l\u2019aveugle, me laissant guider avec plaisir \u00e0 travers les pages.<\/p>\n\n\n\n<p>Bien s\u00fbr, cette histoire aux teintes cyberpunk et SF (malgr\u00e9 tout, oui oui) est \u00e9minemment critique, comme le sont les autres romans de l&rsquo;autrice. Du moins ceux que j&rsquo;ai pu lire. Et ce monde r\u00e9gi par les marques, o\u00f9 les personnes sont leur propri\u00e9t\u00e9 et o\u00f9 l&rsquo;humanit\u00e9 est coup\u00e9e de la nature, \u00e7a fait peur. Bien entendu, il y a le filtre de la fiction. Mais il y a clairement de quoi fr\u00e9mir et avoir envie de se promener parmi les arbres ou les pieds dans l&rsquo;herbe apr\u00e8s ! Je dois cependant avouer que c&rsquo;est surtout la beaut\u00e9 brute et cisel\u00e9e \u00e0 la fois de l&rsquo;\u00e9criture de Sabrina Calvo qui m&rsquo;a accroch\u00e9e \u00e0 cette histoire.<\/p>\n\n\n\n<p>C&rsquo;est un conseil, lis-le !<\/p>\n\n\n\n<p><a href=\"https:\/\/www.livraddict.com\/biblio\/livre\/les-nuits-sans-kim-sauvage.html\" target=\"_blank\" rel=\"noreferrer noopener\">Les Nuits sans Kim Sauvage<\/a>.- <a href=\"https:\/\/www.livraddict.com\/biblio\/auteur\/sabrina-calvo.html\" target=\"_blank\" rel=\"noreferrer noopener\">Sabrina Calvo<\/a>.- <a href=\"https:\/\/lavolte.net\/\" target=\"_blank\" rel=\"noreferrer noopener\">Ed. La Volte<\/a>. <a href=\"https:\/\/www.leslibraires.fr\/livre\/23271400-les-nuits-sans-kim-sauvage-sabrina-calvo-la-volte\" target=\"_blank\" rel=\"noreferrer noopener\">Disponible<\/a><\/p>\n","protected":false},"excerpt":{"rendered":"<p>Paris, (\u00e0 peu pr\u00e8s) de nos jours Stagiaire dans un magazine pour adolescentes, Vic partage sa vie entre les passions tristes d\u2019une mode virtuelle et son histoire d\u2019amour dysfonctionnelle avec Maria Paillette, son IA bugg\u00e9e. Quand l\u2019opportunit\u00e9 lui est donn\u00e9e de percer \u00e0 jour les myst\u00e8res du premier clip cyberpunk fran\u00e7ais, Les Nuits sans Kim &hellip; <a href=\"https:\/\/laplume-ou-lavie.fr\/index.php\/2025\/02\/27\/les-nuits-sans-kim-sauvage\/\" class=\"more-link\">Continuer la lecture<span class=\"screen-reader-text\"> de &laquo;&nbsp;Les Nuits sans Kim Sauvage&nbsp;&raquo;<\/span><\/a><\/p>\n","protected":false},"author":1,"featured_media":0,"comment_status":"open","ping_status":"open","sticky":false,"template":"","format":"standard","meta":{"_exactmetrics_skip_tracking":false,"_exactmetrics_sitenote_active":false,"_exactmetrics_sitenote_note":"","_exactmetrics_sitenote_category":0,"jetpack_post_was_ever_published":false,"_jetpack_newsletter_access":"","_jetpack_dont_email_post_to_subs":false,"_jetpack_newsletter_tier_id":0,"_jetpack_memberships_contains_paywalled_content":false,"_jetpack_memberships_contains_paid_content":false,"footnotes":"","jetpack_publicize_message":"","jetpack_publicize_feature_enabled":true,"jetpack_social_post_already_shared":true,"jetpack_social_options":{"image_generator_settings":{"template":"highway","enabled":false},"version":2}},"categories":[1],"tags":[],"class_list":["post-3165","post","type-post","status-publish","format-standard","hentry","category-non-classe"],"jetpack_publicize_connections":[],"yoast_head":"<!-- This site is optimized with the Yoast SEO plugin v24.8.1 - https:\/\/yoast.com\/wordpress\/plugins\/seo\/ -->\n<title>Les Nuits sans Kim Sauvage -<\/title>\n<meta name=\"robots\" content=\"index, follow, max-snippet:-1, max-image-preview:large, max-video-preview:-1\" \/>\n<link rel=\"canonical\" href=\"https:\/\/laplume-ou-lavie.fr\/index.php\/2025\/02\/27\/les-nuits-sans-kim-sauvage\/\" \/>\n<meta property=\"og:locale\" content=\"fr_FR\" \/>\n<meta property=\"og:type\" content=\"article\" \/>\n<meta property=\"og:title\" content=\"Les Nuits sans Kim Sauvage -\" \/>\n<meta property=\"og:description\" content=\"Paris, (\u00e0 peu pr\u00e8s) de nos jours Stagiaire dans un magazine pour adolescentes, Vic partage sa vie entre les passions tristes d\u2019une mode virtuelle et son histoire d\u2019amour dysfonctionnelle avec Maria Paillette, son IA bugg\u00e9e. Quand l\u2019opportunit\u00e9 lui est donn\u00e9e de percer \u00e0 jour les myst\u00e8res du premier clip cyberpunk fran\u00e7ais, Les Nuits sans Kim &hellip; Continuer la lecture de &laquo;&nbsp;Les Nuits sans Kim Sauvage&nbsp;&raquo;\" \/>\n<meta property=\"og:url\" content=\"https:\/\/laplume-ou-lavie.fr\/index.php\/2025\/02\/27\/les-nuits-sans-kim-sauvage\/\" \/>\n<meta property=\"article:published_time\" content=\"2025-02-27T16:25:32+00:00\" \/>\n<meta property=\"article:modified_time\" content=\"2025-02-27T16:25:33+00:00\" \/>\n<meta property=\"og:image\" content=\"https:\/\/laplume-ou-lavie.fr\/wp-content\/uploads\/2025\/02\/IMG_20250218_160919-768x1024.jpg\" \/>\n<meta name=\"author\" content=\"Aranae\" \/>\n<meta name=\"twitter:card\" content=\"summary_large_image\" \/>\n<meta name=\"twitter:label1\" content=\"\u00c9crit par\" \/>\n\t<meta name=\"twitter:data1\" content=\"Aranae\" \/>\n\t<meta name=\"twitter:label2\" content=\"Dur\u00e9e de lecture estim\u00e9e\" \/>\n\t<meta name=\"twitter:data2\" content=\"4 minutes\" \/>\n<script type=\"application\/ld+json\" class=\"yoast-schema-graph\">{\"@context\":\"https:\/\/schema.org\",\"@graph\":[{\"@type\":\"WebPage\",\"@id\":\"https:\/\/laplume-ou-lavie.fr\/index.php\/2025\/02\/27\/les-nuits-sans-kim-sauvage\/\",\"url\":\"https:\/\/laplume-ou-lavie.fr\/index.php\/2025\/02\/27\/les-nuits-sans-kim-sauvage\/\",\"name\":\"Les Nuits sans Kim Sauvage -\",\"isPartOf\":{\"@id\":\"https:\/\/laplume-ou-lavie.fr\/#website\"},\"primaryImageOfPage\":{\"@id\":\"https:\/\/laplume-ou-lavie.fr\/index.php\/2025\/02\/27\/les-nuits-sans-kim-sauvage\/#primaryimage\"},\"image\":{\"@id\":\"https:\/\/laplume-ou-lavie.fr\/index.php\/2025\/02\/27\/les-nuits-sans-kim-sauvage\/#primaryimage\"},\"thumbnailUrl\":\"https:\/\/laplume-ou-lavie.fr\/wp-content\/uploads\/2025\/02\/IMG_20250218_160919-768x1024.jpg\",\"datePublished\":\"2025-02-27T16:25:32+00:00\",\"dateModified\":\"2025-02-27T16:25:33+00:00\",\"author\":{\"@id\":\"https:\/\/laplume-ou-lavie.fr\/#\/schema\/person\/8d29addff22deeaf007a72230c1bbc92\"},\"breadcrumb\":{\"@id\":\"https:\/\/laplume-ou-lavie.fr\/index.php\/2025\/02\/27\/les-nuits-sans-kim-sauvage\/#breadcrumb\"},\"inLanguage\":\"fr-FR\",\"potentialAction\":[{\"@type\":\"ReadAction\",\"target\":[\"https:\/\/laplume-ou-lavie.fr\/index.php\/2025\/02\/27\/les-nuits-sans-kim-sauvage\/\"]}]},{\"@type\":\"ImageObject\",\"inLanguage\":\"fr-FR\",\"@id\":\"https:\/\/laplume-ou-lavie.fr\/index.php\/2025\/02\/27\/les-nuits-sans-kim-sauvage\/#primaryimage\",\"url\":\"https:\/\/i0.wp.com\/laplume-ou-lavie.fr\/wp-content\/uploads\/2025\/02\/IMG_20250218_160919-scaled.jpg?fit=1920%2C2560&ssl=1\",\"contentUrl\":\"https:\/\/i0.wp.com\/laplume-ou-lavie.fr\/wp-content\/uploads\/2025\/02\/IMG_20250218_160919-scaled.jpg?fit=1920%2C2560&ssl=1\",\"width\":1920,\"height\":2560},{\"@type\":\"BreadcrumbList\",\"@id\":\"https:\/\/laplume-ou-lavie.fr\/index.php\/2025\/02\/27\/les-nuits-sans-kim-sauvage\/#breadcrumb\",\"itemListElement\":[{\"@type\":\"ListItem\",\"position\":1,\"name\":\"Accueil\",\"item\":\"https:\/\/laplume-ou-lavie.fr\/\"},{\"@type\":\"ListItem\",\"position\":2,\"name\":\"Les Nuits sans Kim Sauvage\"}]},{\"@type\":\"WebSite\",\"@id\":\"https:\/\/laplume-ou-lavie.fr\/#website\",\"url\":\"https:\/\/laplume-ou-lavie.fr\/\",\"name\":\"\",\"description\":\"De l&#039;imaginaire, mais pas que !\",\"potentialAction\":[{\"@type\":\"SearchAction\",\"target\":{\"@type\":\"EntryPoint\",\"urlTemplate\":\"https:\/\/laplume-ou-lavie.fr\/?s={search_term_string}\"},\"query-input\":{\"@type\":\"PropertyValueSpecification\",\"valueRequired\":true,\"valueName\":\"search_term_string\"}}],\"inLanguage\":\"fr-FR\"},{\"@type\":\"Person\",\"@id\":\"https:\/\/laplume-ou-lavie.fr\/#\/schema\/person\/8d29addff22deeaf007a72230c1bbc92\",\"name\":\"Aranae\",\"image\":{\"@type\":\"ImageObject\",\"inLanguage\":\"fr-FR\",\"@id\":\"https:\/\/laplume-ou-lavie.fr\/#\/schema\/person\/image\/\",\"url\":\"https:\/\/secure.gravatar.com\/avatar\/93dcbf1a350f165788ff0438948af447caa3f2bf54b19466fce3a7e8b44d6822?s=96&d=mm&r=g\",\"contentUrl\":\"https:\/\/secure.gravatar.com\/avatar\/93dcbf1a350f165788ff0438948af447caa3f2bf54b19466fce3a7e8b44d6822?s=96&d=mm&r=g\",\"caption\":\"Aranae\"},\"url\":\"https:\/\/laplume-ou-lavie.fr\/index.php\/author\/admin9515\/\"}]}<\/script>\n<!-- \/ Yoast SEO plugin. -->","yoast_head_json":{"title":"Les Nuits sans Kim Sauvage -","robots":{"index":"index","follow":"follow","max-snippet":"max-snippet:-1","max-image-preview":"max-image-preview:large","max-video-preview":"max-video-preview:-1"},"canonical":"https:\/\/laplume-ou-lavie.fr\/index.php\/2025\/02\/27\/les-nuits-sans-kim-sauvage\/","og_locale":"fr_FR","og_type":"article","og_title":"Les Nuits sans Kim Sauvage -","og_description":"Paris, (\u00e0 peu pr\u00e8s) de nos jours Stagiaire dans un magazine pour adolescentes, Vic partage sa vie entre les passions tristes d\u2019une mode virtuelle et son histoire d\u2019amour dysfonctionnelle avec Maria Paillette, son IA bugg\u00e9e. Quand l\u2019opportunit\u00e9 lui est donn\u00e9e de percer \u00e0 jour les myst\u00e8res du premier clip cyberpunk fran\u00e7ais, Les Nuits sans Kim &hellip; Continuer la lecture de &laquo;&nbsp;Les Nuits sans Kim Sauvage&nbsp;&raquo;","og_url":"https:\/\/laplume-ou-lavie.fr\/index.php\/2025\/02\/27\/les-nuits-sans-kim-sauvage\/","article_published_time":"2025-02-27T16:25:32+00:00","article_modified_time":"2025-02-27T16:25:33+00:00","og_image":[{"url":"https:\/\/laplume-ou-lavie.fr\/wp-content\/uploads\/2025\/02\/IMG_20250218_160919-768x1024.jpg","type":"","width":"","height":""}],"author":"Aranae","twitter_card":"summary_large_image","twitter_misc":{"\u00c9crit par":"Aranae","Dur\u00e9e de lecture estim\u00e9e":"4 minutes"},"schema":{"@context":"https:\/\/schema.org","@graph":[{"@type":"WebPage","@id":"https:\/\/laplume-ou-lavie.fr\/index.php\/2025\/02\/27\/les-nuits-sans-kim-sauvage\/","url":"https:\/\/laplume-ou-lavie.fr\/index.php\/2025\/02\/27\/les-nuits-sans-kim-sauvage\/","name":"Les Nuits sans Kim Sauvage -","isPartOf":{"@id":"https:\/\/laplume-ou-lavie.fr\/#website"},"primaryImageOfPage":{"@id":"https:\/\/laplume-ou-lavie.fr\/index.php\/2025\/02\/27\/les-nuits-sans-kim-sauvage\/#primaryimage"},"image":{"@id":"https:\/\/laplume-ou-lavie.fr\/index.php\/2025\/02\/27\/les-nuits-sans-kim-sauvage\/#primaryimage"},"thumbnailUrl":"https:\/\/laplume-ou-lavie.fr\/wp-content\/uploads\/2025\/02\/IMG_20250218_160919-768x1024.jpg","datePublished":"2025-02-27T16:25:32+00:00","dateModified":"2025-02-27T16:25:33+00:00","author":{"@id":"https:\/\/laplume-ou-lavie.fr\/#\/schema\/person\/8d29addff22deeaf007a72230c1bbc92"},"breadcrumb":{"@id":"https:\/\/laplume-ou-lavie.fr\/index.php\/2025\/02\/27\/les-nuits-sans-kim-sauvage\/#breadcrumb"},"inLanguage":"fr-FR","potentialAction":[{"@type":"ReadAction","target":["https:\/\/laplume-ou-lavie.fr\/index.php\/2025\/02\/27\/les-nuits-sans-kim-sauvage\/"]}]},{"@type":"ImageObject","inLanguage":"fr-FR","@id":"https:\/\/laplume-ou-lavie.fr\/index.php\/2025\/02\/27\/les-nuits-sans-kim-sauvage\/#primaryimage","url":"https:\/\/i0.wp.com\/laplume-ou-lavie.fr\/wp-content\/uploads\/2025\/02\/IMG_20250218_160919-scaled.jpg?fit=1920%2C2560&ssl=1","contentUrl":"https:\/\/i0.wp.com\/laplume-ou-lavie.fr\/wp-content\/uploads\/2025\/02\/IMG_20250218_160919-scaled.jpg?fit=1920%2C2560&ssl=1","width":1920,"height":2560},{"@type":"BreadcrumbList","@id":"https:\/\/laplume-ou-lavie.fr\/index.php\/2025\/02\/27\/les-nuits-sans-kim-sauvage\/#breadcrumb","itemListElement":[{"@type":"ListItem","position":1,"name":"Accueil","item":"https:\/\/laplume-ou-lavie.fr\/"},{"@type":"ListItem","position":2,"name":"Les Nuits sans Kim Sauvage"}]},{"@type":"WebSite","@id":"https:\/\/laplume-ou-lavie.fr\/#website","url":"https:\/\/laplume-ou-lavie.fr\/","name":"","description":"De l&#039;imaginaire, mais pas que !","potentialAction":[{"@type":"SearchAction","target":{"@type":"EntryPoint","urlTemplate":"https:\/\/laplume-ou-lavie.fr\/?s={search_term_string}"},"query-input":{"@type":"PropertyValueSpecification","valueRequired":true,"valueName":"search_term_string"}}],"inLanguage":"fr-FR"},{"@type":"Person","@id":"https:\/\/laplume-ou-lavie.fr\/#\/schema\/person\/8d29addff22deeaf007a72230c1bbc92","name":"Aranae","image":{"@type":"ImageObject","inLanguage":"fr-FR","@id":"https:\/\/laplume-ou-lavie.fr\/#\/schema\/person\/image\/","url":"https:\/\/secure.gravatar.com\/avatar\/93dcbf1a350f165788ff0438948af447caa3f2bf54b19466fce3a7e8b44d6822?s=96&d=mm&r=g","contentUrl":"https:\/\/secure.gravatar.com\/avatar\/93dcbf1a350f165788ff0438948af447caa3f2bf54b19466fce3a7e8b44d6822?s=96&d=mm&r=g","caption":"Aranae"},"url":"https:\/\/laplume-ou-lavie.fr\/index.php\/author\/admin9515\/"}]}},"jetpack_featured_media_url":"","jetpack_sharing_enabled":true,"jetpack_shortlink":"https:\/\/wp.me\/p9RBBc-P3","jetpack-related-posts":[],"_links":{"self":[{"href":"https:\/\/laplume-ou-lavie.fr\/index.php\/wp-json\/wp\/v2\/posts\/3165","targetHints":{"allow":["GET"]}}],"collection":[{"href":"https:\/\/laplume-ou-lavie.fr\/index.php\/wp-json\/wp\/v2\/posts"}],"about":[{"href":"https:\/\/laplume-ou-lavie.fr\/index.php\/wp-json\/wp\/v2\/types\/post"}],"author":[{"embeddable":true,"href":"https:\/\/laplume-ou-lavie.fr\/index.php\/wp-json\/wp\/v2\/users\/1"}],"replies":[{"embeddable":true,"href":"https:\/\/laplume-ou-lavie.fr\/index.php\/wp-json\/wp\/v2\/comments?post=3165"}],"version-history":[{"count":2,"href":"https:\/\/laplume-ou-lavie.fr\/index.php\/wp-json\/wp\/v2\/posts\/3165\/revisions"}],"predecessor-version":[{"id":3168,"href":"https:\/\/laplume-ou-lavie.fr\/index.php\/wp-json\/wp\/v2\/posts\/3165\/revisions\/3168"}],"wp:attachment":[{"href":"https:\/\/laplume-ou-lavie.fr\/index.php\/wp-json\/wp\/v2\/media?parent=3165"}],"wp:term":[{"taxonomy":"category","embeddable":true,"href":"https:\/\/laplume-ou-lavie.fr\/index.php\/wp-json\/wp\/v2\/categories?post=3165"},{"taxonomy":"post_tag","embeddable":true,"href":"https:\/\/laplume-ou-lavie.fr\/index.php\/wp-json\/wp\/v2\/tags?post=3165"}],"curies":[{"name":"wp","href":"https:\/\/api.w.org\/{rel}","templated":true}]}}